{"id":1926,"date":"2025-10-22T15:52:55","date_gmt":"2025-10-22T19:52:55","guid":{"rendered":"https:\/\/utasawa.edu.bo\/web\/?p=1926"},"modified":"2025-10-22T15:52:55","modified_gmt":"2025-10-22T19:52:55","slug":"uta-fest-2025","status":"publish","type":"post","link":"https:\/\/utasawa.edu.bo\/web\/uta-fest-2025\/","title":{"rendered":"UTA-FEST 2025"},"content":{"rendered":"\n<p>El gran evento de talentos del <strong>Colegio UTASAWA<\/strong>, donde la creatividad, la pasi\u00f3n y el esfuerzo de nuestros estudiantes se convierten en protagonistas. Este festival es un espacio para celebrar el arte, la m\u00fasica, la danza y todas las expresiones que reflejan el esp\u00edritu y la identidad de nuestra comunidad educativa.<\/p>\n\n\n\n<p>La alegr\u00eda, la cultura y la juventud se unen para recordarnos que en <strong>UTASAWA<\/strong> los sue\u00f1os se construyen con creatividad y compromiso.<\/p>\n\n\n\n<p>A trav\u00e9s de cada presentaci\u00f3n, nuestros talentosos estudiantes nos compartieron su dedicaci\u00f3n y entusiasmo, demostrando que el talento florece cuando se combina con disciplina, trabajo en equipo y amor por lo que se hace.<\/p>\n\n\n\n<p><\/p>\n\n\n\n<figure class=\"wp-block-embed is-type-video is-provider-youtube wp-block-embed-youtube wp-embed-aspect-16-9 wp-has-aspect-ratio\"><div class=\"wp-block-embed__wrapper\">\n<iframe loading=\"lazy\" title=\"UTAFEST\" width=\"640\" height=\"360\" src=\"https:\/\/www.youtube.com\/embed\/jLfURfsd5Kk?feature=oembed\" frameborder=\"0\" allow=\"accelerometer; autoplay; clipboard-write; encrypted-media; gyroscope; picture-in-picture; web-share\" referrerpolicy=\"strict-origin-when-cross-origin\" allowfullscreen><\/iframe>\n<\/div><\/figure>\n","protected":false},"excerpt":{"rendered":"<p>El gran evento de talentos del Colegio UTASAWA, donde la creatividad, la pasi\u00f3n y el esfuerzo de nuestros estudiantes se convierten en protagonistas. Este festival es un espacio para celebrar el arte, la m\u00fasica, la danza y todas las expresiones que reflejan el esp\u00edritu y la identidad de nuestra comunidad educativa. La alegr\u00eda, la cultura [&hellip;]<\/p>\n","protected":false},"author":3,"featured_media":1927,"comment_status":"open","ping_status":"open","sticky":false,"template":"","format":"standard","meta":{"_coblocks_attr":"","_coblocks_dimensions":"","_coblocks_responsive_height":"","_coblocks_accordion_ie_support":"","footnotes":""},"categories":[4],"tags":[],"class_list":["post-1926","post","type-post","status-publish","format-standard","has-post-thumbnail","hentry","category-eventos"],"_links":{"self":[{"href":"https:\/\/utasawa.edu.bo\/web\/wp-json\/wp\/v2\/posts\/1926","targetHints":{"allow":["GET"]}}],"collection":[{"href":"https:\/\/utasawa.edu.bo\/web\/wp-json\/wp\/v2\/posts"}],"about":[{"href":"https:\/\/utasawa.edu.bo\/web\/wp-json\/wp\/v2\/types\/post"}],"author":[{"embeddable":true,"href":"https:\/\/utasawa.edu.bo\/web\/wp-json\/wp\/v2\/users\/3"}],"replies":[{"embeddable":true,"href":"https:\/\/utasawa.edu.bo\/web\/wp-json\/wp\/v2\/comments?post=1926"}],"version-history":[{"count":1,"href":"https:\/\/utasawa.edu.bo\/web\/wp-json\/wp\/v2\/posts\/1926\/revisions"}],"predecessor-version":[{"id":1928,"href":"https:\/\/utasawa.edu.bo\/web\/wp-json\/wp\/v2\/posts\/1926\/revisions\/1928"}],"wp:featuredmedia":[{"embeddable":true,"href":"https:\/\/utasawa.edu.bo\/web\/wp-json\/wp\/v2\/media\/1927"}],"wp:attachment":[{"href":"https:\/\/utasawa.edu.bo\/web\/wp-json\/wp\/v2\/media?parent=1926"}],"wp:term":[{"taxonomy":"category","embeddable":true,"href":"https:\/\/utasawa.edu.bo\/web\/wp-json\/wp\/v2\/categories?post=1926"},{"taxonomy":"post_tag","embeddable":true,"href":"https:\/\/utasawa.edu.bo\/web\/wp-json\/wp\/v2\/tags?post=1926"}],"curies":[{"name":"wp","href":"https:\/\/api.w.org\/{rel}","templated":true}]}}