{"id":1898,"date":"2025-09-11T15:43:39","date_gmt":"2025-09-11T19:43:39","guid":{"rendered":"https:\/\/utasawa.edu.bo\/web\/?p=1898"},"modified":"2025-09-23T12:02:30","modified_gmt":"2025-09-23T16:02:30","slug":"festival-de-danza-2025","status":"publish","type":"post","link":"https:\/\/utasawa.edu.bo\/web\/festival-de-danza-2025\/","title":{"rendered":"FESTIVAL DE DANZA 2025"},"content":{"rendered":"\n<p class=\"has-barlow-condensed-font-family has-custom-font\" style=\"font-family:Barlow Condensed;font-size:38px\"><strong>BICENTENARIO DE BOLIVIA<\/strong><\/p>\n\n\n\n<p>Con mucha alegr\u00eda y orgullo, compartimos con ustedes el resumen de lo que fue el <strong>Festival de Danzas Folcl\u00f3ricas de Bolivia<\/strong> realizado el 23 de agosto y protagonizado por nuestros talentosos estudiantes del <strong>Colegio Utasawa<\/strong>.<\/p>\n\n\n\n<p>Invitamos a todos a disfrutar de este recorrido lleno de m\u00fasica, color y tradici\u00f3n, en el que cada presentaci\u00f3n representa un pedacito del alma de Bolivia.<\/p>\n\n\n\n<div class=\"wp-block-group is-nowrap is-layout-flex wp-container-core-group-is-layout-bd3f9bef wp-block-group-is-layout-flex\">\n<figure class=\"wp-block-embed is-type-video is-provider-youtube wp-block-embed-youtube wp-embed-aspect-16-9 wp-has-aspect-ratio\"><div class=\"wp-block-embed__wrapper\">\n<iframe loading=\"lazy\" title=\"FESTIVAL DE DANZA 2025 - INIIAL - PRIMARIA\" width=\"640\" height=\"360\" src=\"https:\/\/www.youtube.com\/embed\/ZRQX1XFQLoQ?feature=oembed\" frameborder=\"0\" allow=\"accelerometer; autoplay; clipboard-write; encrypted-media; gyroscope; picture-in-picture; web-share\" referrerpolicy=\"strict-origin-when-cross-origin\" allowfullscreen><\/iframe>\n<\/div><\/figure>\n<\/div>\n\n\n<div class=\"wp-block-image\">\n<figure class=\"aligncenter size-large is-resized has-lightbox\"><a href=\"https:\/\/www.youtube.com\/watch?v=ZRQX1XFQLoQ\"><img loading=\"lazy\" decoding=\"async\" width=\"1024\" height=\"548\" src=\"https:\/\/utasawa.edu.bo\/web\/wp-content\/uploads\/2025\/09\/titulo-1024x548.png\" alt=\"\" class=\"wp-image-1905\" style=\"width:489px;height:auto\" srcset=\"https:\/\/utasawa.edu.bo\/web\/wp-content\/uploads\/2025\/09\/titulo-1024x548.png 1024w, https:\/\/utasawa.edu.bo\/web\/wp-content\/uploads\/2025\/09\/titulo-300x160.png 300w, https:\/\/utasawa.edu.bo\/web\/wp-content\/uploads\/2025\/09\/titulo-768x411.png 768w, https:\/\/utasawa.edu.bo\/web\/wp-content\/uploads\/2025\/09\/titulo.png 1088w\" sizes=\"auto, (max-width: 1024px) 100vw, 1024px\" \/><\/a><\/figure>\n<\/div>\n\n\n<p>Este festival es una muestra viva de la <strong>riqueza cultural de nuestro pa\u00eds<\/strong>, donde cada baile refleja las tradiciones, costumbres y diversidad que nos identifican como bolivianos. A trav\u00e9s de la danza, nuestros estudiantes expresan no solo arte y alegr\u00eda, sino tambi\u00e9n un profundo respeto por nuestras ra\u00edces.<\/p>\n\n\n<div class=\"wp-block-image\">\n<figure class=\"aligncenter size-large is-resized has-lightbox\"><a href=\"https:\/\/youtu.be\/qOD87LOP3iQ\"><img loading=\"lazy\" decoding=\"async\" width=\"1024\" height=\"600\" src=\"https:\/\/utasawa.edu.bo\/web\/wp-content\/uploads\/2025\/09\/SECUNDARIA-1024x600.jpg\" alt=\"\" class=\"wp-image-1910\" style=\"width:498px;height:auto\" srcset=\"https:\/\/utasawa.edu.bo\/web\/wp-content\/uploads\/2025\/09\/SECUNDARIA-1024x600.jpg 1024w, https:\/\/utasawa.edu.bo\/web\/wp-content\/uploads\/2025\/09\/SECUNDARIA-300x176.jpg 300w, https:\/\/utasawa.edu.bo\/web\/wp-content\/uploads\/2025\/09\/SECUNDARIA-768x450.jpg 768w, https:\/\/utasawa.edu.bo\/web\/wp-content\/uploads\/2025\/09\/SECUNDARIA.jpg 1150w\" sizes=\"auto, (max-width: 1024px) 100vw, 1024px\" \/><\/a><\/figure>\n<\/div>","protected":false},"excerpt":{"rendered":"<p>BICENTENARIO DE BOLIVIA Con mucha alegr\u00eda y orgullo, compartimos con ustedes el resumen de lo que fue el Festival de Danzas Folcl\u00f3ricas de Bolivia realizado el 23 de agosto y protagonizado por nuestros talentosos estudiantes del Colegio Utasawa. Invitamos a todos a disfrutar de este recorrido lleno de m\u00fasica, color y tradici\u00f3n, en el que [&hellip;]<\/p>\n","protected":false},"author":3,"featured_media":1899,"comment_status":"open","ping_status":"open","sticky":false,"template":"","format":"standard","meta":{"_coblocks_attr":"Barlow Condensed","_coblocks_dimensions":"","_coblocks_responsive_height":"","_coblocks_accordion_ie_support":"","footnotes":""},"categories":[4],"tags":[],"class_list":["post-1898","post","type-post","status-publish","format-standard","has-post-thumbnail","hentry","category-eventos"],"_links":{"self":[{"href":"https:\/\/utasawa.edu.bo\/web\/wp-json\/wp\/v2\/posts\/1898","targetHints":{"allow":["GET"]}}],"collection":[{"href":"https:\/\/utasawa.edu.bo\/web\/wp-json\/wp\/v2\/posts"}],"about":[{"href":"https:\/\/utasawa.edu.bo\/web\/wp-json\/wp\/v2\/types\/post"}],"author":[{"embeddable":true,"href":"https:\/\/utasawa.edu.bo\/web\/wp-json\/wp\/v2\/users\/3"}],"replies":[{"embeddable":true,"href":"https:\/\/utasawa.edu.bo\/web\/wp-json\/wp\/v2\/comments?post=1898"}],"version-history":[{"count":5,"href":"https:\/\/utasawa.edu.bo\/web\/wp-json\/wp\/v2\/posts\/1898\/revisions"}],"predecessor-version":[{"id":1911,"href":"https:\/\/utasawa.edu.bo\/web\/wp-json\/wp\/v2\/posts\/1898\/revisions\/1911"}],"wp:featuredmedia":[{"embeddable":true,"href":"https:\/\/utasawa.edu.bo\/web\/wp-json\/wp\/v2\/media\/1899"}],"wp:attachment":[{"href":"https:\/\/utasawa.edu.bo\/web\/wp-json\/wp\/v2\/media?parent=1898"}],"wp:term":[{"taxonomy":"category","embeddable":true,"href":"https:\/\/utasawa.edu.bo\/web\/wp-json\/wp\/v2\/categories?post=1898"},{"taxonomy":"post_tag","embeddable":true,"href":"https:\/\/utasawa.edu.bo\/web\/wp-json\/wp\/v2\/tags?post=1898"}],"curies":[{"name":"wp","href":"https:\/\/api.w.org\/{rel}","templated":true}]}}