{"id":1214,"date":"2023-12-22T18:52:41","date_gmt":"2023-12-22T18:52:41","guid":{"rendered":"http:\/\/www.utasawa.edu.bo\/?p=1214"},"modified":"2023-12-22T19:14:37","modified_gmt":"2023-12-22T19:14:37","slug":"la-promo-aletheia-2023-se-gradua","status":"publish","type":"post","link":"https:\/\/utasawa.edu.bo\/web\/la-promo-aletheia-2023-se-gradua\/","title":{"rendered":"LA PROMO \u00abALETHEIA\u00bb 2023 SE GRADUA"},"content":{"rendered":"\n<p>La promoci\u00f3n \u00abALETHEIA\u00bb se despidi\u00f3 del colegio con un acto conmemorativo y sobre todo emotivo, los estudiantes demostraron su compa\u00f1erismo y uni\u00f3n con sus discursos. <\/p>\n\n\n\n<figure class=\"wp-block-image size-large\"><img loading=\"lazy\" decoding=\"async\" width=\"1024\" height=\"461\" src=\"https:\/\/utasawa.edu.bo\/web\/web\/wp-content\/uploads\/2023\/12\/WhatsApp-Image-2023-12-22-at-2.32.53-PM-1024x461.jpeg\" alt=\"\" class=\"wp-image-1215\" srcset=\"https:\/\/utasawa.edu.bo\/web\/wp-content\/uploads\/2023\/12\/WhatsApp-Image-2023-12-22-at-2.32.53-PM-1024x461.jpeg 1024w, https:\/\/utasawa.edu.bo\/web\/wp-content\/uploads\/2023\/12\/WhatsApp-Image-2023-12-22-at-2.32.53-PM-300x135.jpeg 300w, https:\/\/utasawa.edu.bo\/web\/wp-content\/uploads\/2023\/12\/WhatsApp-Image-2023-12-22-at-2.32.53-PM-768x346.jpeg 768w, https:\/\/utasawa.edu.bo\/web\/wp-content\/uploads\/2023\/12\/WhatsApp-Image-2023-12-22-at-2.32.53-PM-1536x691.jpeg 1536w, https:\/\/utasawa.edu.bo\/web\/wp-content\/uploads\/2023\/12\/WhatsApp-Image-2023-12-22-at-2.32.53-PM.jpeg 1600w\" sizes=\"auto, (max-width: 1024px) 100vw, 1024px\" \/><\/figure>\n\n\n\n<p>\u00a1PROMO 2023 LOS EXTRA\u00d1AREMOS!<\/p>\n\n\n\n<figure class=\"wp-block-embed is-type-video is-provider-youtube wp-block-embed-youtube wp-embed-aspect-16-9 wp-has-aspect-ratio\"><div class=\"wp-block-embed__wrapper\">\n<iframe loading=\"lazy\" title=\"PROMO ALETHEIA\" width=\"640\" height=\"360\" src=\"https:\/\/www.youtube.com\/embed\/FCnEyAl92-0?feature=oembed\" frameborder=\"0\" allow=\"accelerometer; autoplay; clipboard-write; encrypted-media; gyroscope; picture-in-picture; web-share\" referrerpolicy=\"strict-origin-when-cross-origin\" allowfullscreen><\/iframe>\n<\/div><\/figure>\n","protected":false},"excerpt":{"rendered":"<p>La promoci\u00f3n \u00abALETHEIA\u00bb se despidi\u00f3 del colegio con un acto conmemorativo y sobre todo emotivo, los estudiantes demostraron su compa\u00f1erismo y uni\u00f3n con sus discursos. \u00a1PROMO 2023 LOS EXTRA\u00d1AREMOS!<\/p>\n","protected":false},"author":3,"featured_media":0,"comment_status":"open","ping_status":"open","sticky":false,"template":"","format":"standard","meta":{"_coblocks_attr":"","_coblocks_dimensions":"","_coblocks_responsive_height":"","_coblocks_accordion_ie_support":"","footnotes":""},"categories":[7],"tags":[],"class_list":["post-1214","post","type-post","status-publish","format-standard","hentry","category-social-utasawa"],"_links":{"self":[{"href":"https:\/\/utasawa.edu.bo\/web\/wp-json\/wp\/v2\/posts\/1214","targetHints":{"allow":["GET"]}}],"collection":[{"href":"https:\/\/utasawa.edu.bo\/web\/wp-json\/wp\/v2\/posts"}],"about":[{"href":"https:\/\/utasawa.edu.bo\/web\/wp-json\/wp\/v2\/types\/post"}],"author":[{"embeddable":true,"href":"https:\/\/utasawa.edu.bo\/web\/wp-json\/wp\/v2\/users\/3"}],"replies":[{"embeddable":true,"href":"https:\/\/utasawa.edu.bo\/web\/wp-json\/wp\/v2\/comments?post=1214"}],"version-history":[{"count":3,"href":"https:\/\/utasawa.edu.bo\/web\/wp-json\/wp\/v2\/posts\/1214\/revisions"}],"predecessor-version":[{"id":1808,"href":"https:\/\/utasawa.edu.bo\/web\/wp-json\/wp\/v2\/posts\/1214\/revisions\/1808"}],"wp:attachment":[{"href":"https:\/\/utasawa.edu.bo\/web\/wp-json\/wp\/v2\/media?parent=1214"}],"wp:term":[{"taxonomy":"category","embeddable":true,"href":"https:\/\/utasawa.edu.bo\/web\/wp-json\/wp\/v2\/categories?post=1214"},{"taxonomy":"post_tag","embeddable":true,"href":"https:\/\/utasawa.edu.bo\/web\/wp-json\/wp\/v2\/tags?post=1214"}],"curies":[{"name":"wp","href":"https:\/\/api.w.org\/{rel}","templated":true}]}}